{"id":473,"date":"2016-02-06T19:17:19","date_gmt":"2016-02-06T18:17:19","guid":{"rendered":"http:\/\/www.adictosaljetlag.com\/?p=473"},"modified":"2016-02-06T20:35:30","modified_gmt":"2016-02-06T19:35:30","slug":"restaurantes-de-los-concursantes-de-top-chef","status":"publish","type":"post","link":"https:\/\/www.adictosaljetlag.es\/index.php\/2016\/02\/06\/restaurantes-de-los-concursantes-de-top-chef\/","title":{"rendered":"Restaurantes de los concursantes de Top Chef"},"content":{"rendered":"<p style=\"text-align: justify;\">Aqu\u00ed os dejamos un mapa con los restaurantes de los concursantes de las tres ediciones de Top Chef Espa\u00f1a.<\/p>\n<p><iframe loading=\"lazy\" style=\"border: none;\" src=\"https:\/\/www.google.com\/maps\/d\/u\/1\/embed?mid=zRwyhXUm_7lA.kKuueEtdey4c\" width=\"640\" height=\"480\"><\/iframe><\/p>\n<p><span style=\"display: inline-block; margin-right: 20px;\"><img loading=\"lazy\" decoding=\"async\" class=\"size-full wp-image-545 alignnone\" src=\"https:\/\/adictosaljetlag.com\/wp-content\/uploads\/2016\/02\/restauranteVerde-e1454781931350.png\" alt=\"restauranteVerde\" width=\"35\" height=\"42\" \/>3\u00aa Edici\u00f3n (2015)<\/span><span style=\"display: inline-block; margin-right: 20px;\"><img loading=\"lazy\" decoding=\"async\" class=\"wp-image-546 size-full alignnone\" src=\"https:\/\/adictosaljetlag.com\/wp-content\/uploads\/2016\/02\/restauranteAzul-e1454781953714.png\" alt=\"\" width=\"35\" height=\"42\" \/>2\u00aa Edici\u00f3n (2014)<\/span><span style=\"display: inline-block; margin-right: 20px;\"><img loading=\"lazy\" decoding=\"async\" class=\"wp-image-544 size-full alignnone\" src=\"https:\/\/adictosaljetlag.com\/wp-content\/uploads\/2016\/02\/restauranteNaranja-e1454781960913.png\" alt=\"\" width=\"35\" height=\"42\" \/>\u00a01\u00aa Edici\u00f3n (2013)<\/span><\/p>\n<p>&nbsp;<\/p>\n<p><!--more-->Tercera Edici\u00f3n (2015)<\/p>\n<table class=\"listado\">\n<tbody>\n<tr>\n<td class=\"imagen\"><img loading=\"lazy\" decoding=\"async\" class=\"aligncenter size-full wp-image-487\" src=\"https:\/\/adictosaljetlag.com\/wp-content\/uploads\/2016\/01\/MarcelRess-e1454776181541.jpg\" alt=\"Marcel Ress\" width=\"113\" height=\"130\" \/><\/td>\n<td><span class=\"tituloPelicula\">Marcel Ress<\/span><\/p>\n<p>Ganador \/<br \/>\n9\u00ba Expulsado<\/td>\n<td>&#8212;<\/td>\n<\/tr>\n<tr>\n<td class=\"imagen\"><img loading=\"lazy\" decoding=\"async\" class=\"aligncenter size-full wp-image-480\" src=\"https:\/\/adictosaljetlag.com\/wp-content\/uploads\/2016\/01\/AlejandroPlatero-e1454263874422.jpg\" alt=\"Alejandro Platero\" width=\"115\" height=\"133\" \/><\/td>\n<td><span class=\"tituloPelicula\">Alejandro Platero<\/span><\/p>\n<p>2\u00ba Finalista<\/td>\n<td>Propietario y jefe de cocina de restaurante MAcel\u00b7lum (Valencia)<\/td>\n<\/tr>\n<tr>\n<td class=\"imagen\"><img loading=\"lazy\" decoding=\"async\" class=\"aligncenter size-full wp-image-476\" src=\"https:\/\/adictosaljetlag.com\/wp-content\/uploads\/2016\/01\/MariPazMarlo-e1454263912103.jpg\" alt=\"Mari Paz Marlo\" width=\"115\" height=\"133\" \/><\/td>\n<td><span class=\"tituloPelicula\">Mari Paz Marlo<\/span><\/p>\n<p>3\u00aa Finalista<\/td>\n<td>Propietaria y jefa de cocina de los restaurantes Marlo (Cuenca y Albacete)<\/td>\n<\/tr>\n<tr>\n<td class=\"imagen\"><img loading=\"lazy\" decoding=\"async\" class=\"aligncenter size-full wp-image-479\" src=\"https:\/\/adictosaljetlag.com\/wp-content\/uploads\/2016\/01\/SergioBastard-e1454263882297.jpg\" alt=\"Sergio Bastard\" width=\"115\" height=\"133\" \/><\/td>\n<td><span class=\"tituloPelicula\">Sergio Bastard<\/span><\/p>\n<p>11\u00ba Expulsado<\/td>\n<td>Copropietario y chef de Casona del Jud\u00edo (Santander)<\/td>\n<\/tr>\n<tr>\n<td class=\"imagen\"><img loading=\"lazy\" decoding=\"async\" class=\"aligncenter size-full wp-image-478\" src=\"https:\/\/adictosaljetlag.com\/wp-content\/uploads\/2016\/01\/OriolLomas-e1454263892373.jpg\" alt=\"Oriol Lomas\" width=\"115\" height=\"133\" \/><\/td>\n<td><span class=\"tituloPelicula\">Oriol Lomas<\/span><\/p>\n<p>10\u00ba Expulsado<\/td>\n<td>Propietario y jefe de cocina del restaurante Bocca Regenc\u00f3s (Girona)<\/td>\n<\/tr>\n<tr>\n<td class=\"imagen\"><img loading=\"lazy\" decoding=\"async\" class=\"aligncenter size-full wp-image-486\" src=\"https:\/\/adictosaljetlag.com\/wp-content\/uploads\/2016\/01\/LucaRodi-e1454263773948.jpg\" alt=\"Luca Rodi\" width=\"115\" height=\"133\" \/><\/td>\n<td><span class=\"tituloPelicula\">Luca Rodi<\/span><\/p>\n<p>8\u00ba Expulsado<\/td>\n<td>Propietario y Jefe de Cocina de Dabbawala (Madrid)<\/td>\n<\/tr>\n<tr>\n<td class=\"imagen\"><img loading=\"lazy\" decoding=\"async\" class=\"aligncenter size-full wp-image-477\" src=\"https:\/\/adictosaljetlag.com\/wp-content\/uploads\/2016\/01\/MontseEstruch-e1454263901652.jpg\" alt=\"Montse Estruch\" width=\"115\" height=\"133\" \/><\/td>\n<td><span class=\"tituloPelicula\">Montse Estruch<\/span><\/p>\n<p>7\u00aa Expulsada<\/td>\n<td>Propietaria y jefa de cocina de El Cingle (Barcelona)<\/td>\n<\/tr>\n<tr>\n<td class=\"imagen\"><img loading=\"lazy\" decoding=\"async\" class=\"aligncenter size-full wp-image-481\" src=\"https:\/\/adictosaljetlag.com\/wp-content\/uploads\/2016\/01\/AlexClavijo-e1454263861991.jpg\" alt=\"Alex Clavijo\" width=\"115\" height=\"133\" \/><\/td>\n<td><span class=\"tituloPelicula\">\u00c1lex Clavijo<\/span><\/p>\n<p>6\u00ba Expulsado<\/td>\n<td>Jefe de cocina de Vadebacus (Barcelona)<\/td>\n<\/tr>\n<tr>\n<td class=\"imagen\"><img loading=\"lazy\" decoding=\"async\" class=\"aligncenter size-full wp-image-482\" src=\"https:\/\/adictosaljetlag.com\/wp-content\/uploads\/2016\/01\/CarlosCaballero-e1454263847366.jpg\" alt=\"Carlos Caballero\" width=\"115\" height=\"133\" \/><\/td>\n<td><span class=\"tituloPelicula\">Carlos Caballero<\/span><\/p>\n<p>5\u00ba Expulsado<\/td>\n<td>Jefe de Cocina de La Deriva (M\u00e1laga)<\/td>\n<\/tr>\n<tr>\n<td class=\"imagen\"><img loading=\"lazy\" decoding=\"async\" class=\"aligncenter size-full wp-image-475\" src=\"https:\/\/adictosaljetlag.com\/wp-content\/uploads\/2016\/01\/Mar\u00edaEspin-e1454263922723.jpg\" alt=\"Mar\u00eda Espin\" width=\"115\" height=\"133\" \/><\/td>\n<td><span class=\"tituloPelicula\">Mar\u00eda Esp\u00edn<\/span><\/p>\n<p>4\u00aa Expulsada<\/td>\n<td>Chef Ejecutivo del restaurante The Place, en Hotel Meli\u00e1 Sky (Barcelona)<\/td>\n<\/tr>\n<tr>\n<td class=\"imagen\"><img loading=\"lazy\" decoding=\"async\" class=\"aligncenter size-full wp-image-485\" src=\"https:\/\/adictosaljetlag.com\/wp-content\/uploads\/2016\/01\/JulioVelandrino-e1454263821285.jpg\" alt=\"Julio Velandrino\" width=\"115\" height=\"133\" \/><\/td>\n<td><span class=\"tituloPelicula\">Julio Velandrino<\/span><\/p>\n<p>3er\u00a0Expulsado<\/td>\n<td>&#8212;<\/td>\n<\/tr>\n<tr>\n<td class=\"imagen\"><img loading=\"lazy\" decoding=\"async\" class=\"aligncenter size-full wp-image-483\" src=\"https:\/\/adictosaljetlag.com\/wp-content\/uploads\/2016\/01\/CarlotaBonder-e1454263836934.jpg\" alt=\"Carlota Bonder\" width=\"115\" height=\"133\" \/><\/td>\n<td><span class=\"tituloPelicula\">Carlota Bonder<\/span><\/p>\n<p>2\u00aa Expulsada<\/td>\n<td>Jefe de cocina en la empresa de c\u00e1tering Bonder &amp; Co (Ibiza)<\/td>\n<\/tr>\n<tr>\n<td class=\"imagen\"><img loading=\"lazy\" decoding=\"async\" class=\"aligncenter size-full wp-image-484\" src=\"https:\/\/adictosaljetlag.com\/wp-content\/uploads\/2016\/01\/Jes\u00fasVegaCaba\u00f1as-e1454263793104.jpg\" alt=\"Jes\u00fas Vega Caba\u00f1as\" width=\"115\" height=\"133\" \/><\/td>\n<td><span class=\"tituloPelicula\">Jes\u00fas Vega<\/span><\/p>\n<p>1er\u00a0Expulsado<\/td>\n<td>Encargado de la partida del cuarto fr\u00edo del restaurante del Hotel Ritz (Madrid)<\/td>\n<\/tr>\n<\/tbody>\n<\/table>\n<p>&nbsp;<\/p>\n<p>Segunda Edici\u00f3n (2014)<\/p>\n<table class=\"listado\">\n<tbody>\n<tr>\n<td class=\"imagen\"><img loading=\"lazy\" decoding=\"async\" class=\"aligncenter size-full wp-image-517\" src=\"https:\/\/adictosaljetlag.com\/wp-content\/uploads\/2016\/02\/DavidGarcia-e1454777517565.jpg\" alt=\"David Garcia\" width=\"115\" height=\"132\" \/><\/td>\n<td><span class=\"tituloPelicula\">David Garc\u00eda<\/span><\/p>\n<p>Ganador<\/td>\n<td>Propietario y Jefe de cocina del GRUP TO [+] (Barcelona)<\/td>\n<\/tr>\n<tr>\n<td class=\"imagen\"><img loading=\"lazy\" decoding=\"async\" class=\"aligncenter size-full wp-image-523\" src=\"https:\/\/adictosaljetlag.com\/wp-content\/uploads\/2016\/02\/MarcJoli-e1454777452541.jpg\" alt=\"Marc Joli\" width=\"115\" height=\"132\" \/><\/td>\n<td><span class=\"tituloPelicula\">Marc Joli<\/span><\/p>\n<p>2\u00ba Finalista<\/td>\n<td>Copropietario y Jefe de cocina de Cal M\u00fasic Taverna (Girona)<\/td>\n<\/tr>\n<tr>\n<td class=\"imagen\"><img loading=\"lazy\" decoding=\"async\" class=\"aligncenter size-full wp-image-518\" src=\"https:\/\/adictosaljetlag.com\/wp-content\/uploads\/2016\/02\/FranVicente-e1454777526410.jpg\" alt=\"Fran Vicente\" width=\"115\" height=\"132\" \/><\/td>\n<td><span class=\"tituloPelicula\">Fran Vicente<\/span><\/p>\n<p>3er Finalista \/<br \/>\n7\u00ba Expulsado<\/td>\n<td>&#8212;<\/td>\n<\/tr>\n<tr>\n<td class=\"imagen\"><img loading=\"lazy\" decoding=\"async\" class=\"aligncenter size-full wp-image-528\" src=\"https:\/\/adictosaljetlag.com\/wp-content\/uploads\/2016\/02\/V\u00edctorRodrigo-e1454777398963.jpg\" alt=\"V\u00edctor Rodrigo\" width=\"115\" height=\"132\" \/><\/td>\n<td><span class=\"tituloPelicula\">V\u00edctor Rodrigo<\/span><\/p>\n<p>11\u00ba Expulsado<\/td>\n<td>Copropietario y Jefe de cocina de Samsha (Valencia)<\/td>\n<\/tr>\n<tr>\n<td class=\"imagen\"><img loading=\"lazy\" decoding=\"async\" class=\"aligncenter size-full wp-image-521\" src=\"https:\/\/adictosaljetlag.com\/wp-content\/uploads\/2016\/02\/JavierGarc\u00edaPe\u00f1a-e1454777487534.jpg\" alt=\"Javier Garc\u00eda (&quot;Pe\u00f1a&quot;)\" width=\"115\" height=\"132\" \/><\/td>\n<td><span class=\"tituloPelicula\">Javier Garc\u00eda (&#8220;Pe\u00f1a&#8221;)<\/span><\/p>\n<p>10\u00ba Expulsado<\/td>\n<td>** Trabajando en la apertura de su nuevo restaurante Sibaritas Klub (Valladolid)<\/td>\n<\/tr>\n<tr>\n<td class=\"imagen\"><img loading=\"lazy\" decoding=\"async\" class=\"aligncenter size-full wp-image-516\" src=\"https:\/\/adictosaljetlag.com\/wp-content\/uploads\/2016\/02\/CarlosMedina-e1454777535233.jpg\" alt=\"Carlos Medina\" width=\"115\" height=\"132\" \/><\/td>\n<td><span class=\"tituloPelicula\">Carlos Medina<\/span><\/p>\n<p>9\u00ba Expulsado<\/td>\n<td>&#8212;<\/td>\n<\/tr>\n<tr>\n<td class=\"imagen\"><img loading=\"lazy\" decoding=\"async\" class=\"aligncenter size-full wp-image-520\" src=\"https:\/\/adictosaljetlag.com\/wp-content\/uploads\/2016\/02\/In\u00e9sAbril-e1454777498653.jpg\" alt=\"In\u00e9s Abril\" width=\"115\" height=\"132\" \/><\/td>\n<td><span class=\"tituloPelicula\">In\u00e9s Abril<\/span><\/p>\n<p>8\u00aa Expulsada<\/td>\n<td>Chef en Maruja Lim\u00f3n (Pontevedra)<\/td>\n<\/tr>\n<tr>\n<td class=\"imagen\"><img loading=\"lazy\" decoding=\"async\" class=\"aligncenter size-full wp-image-524\" src=\"https:\/\/adictosaljetlag.com\/wp-content\/uploads\/2016\/02\/MartaRosell\u00f3-e1454777461316.jpg\" alt=\"Marta Rosell\u00f3\" width=\"115\" height=\"132\" \/><\/td>\n<td><span class=\"tituloPelicula\">Marta Rosell\u00f3<\/span><\/p>\n<p>6\u00aa Expulsada<\/td>\n<td>Propietaria y Jefa de cocina de Sal de Coc\u00f3 (Mallorca)<\/td>\n<\/tr>\n<tr>\n<td class=\"imagen\"><img loading=\"lazy\" decoding=\"async\" class=\"aligncenter size-full wp-image-519\" src=\"https:\/\/adictosaljetlag.com\/wp-content\/uploads\/2016\/02\/HonoratoEspinar-e1454777507538.jpg\" alt=\"Honorato Espinar\" width=\"115\" height=\"132\" \/><\/td>\n<td><span class=\"tituloPelicula\">Honorato Espinar<\/span><\/p>\n<p>5\u00ba Expulsado \/ Eliminado casting final<\/td>\n<td>Responsable de Log\u00edstica dentro de la cadena Iberostar Hotels &amp; Resorts en Baleares, Andaluc\u00eda, Marruecos, Montenegro, T\u00fanez, Grecia y Canarias<\/td>\n<\/tr>\n<tr>\n<td class=\"imagen\"><img loading=\"lazy\" decoding=\"async\" class=\"aligncenter size-full wp-image-526\" src=\"https:\/\/adictosaljetlag.com\/wp-content\/uploads\/2016\/02\/RebecaHern\u00e1ndez-e1454777431851.jpg\" alt=\"Rebeca Hern\u00e1ndez\" width=\"115\" height=\"132\" \/><\/td>\n<td><span class=\"tituloPelicula\">Rebeca Hern\u00e1ndez<\/span><\/p>\n<p>4\u00aa Expulsada<\/td>\n<td>Copropietaria y Jefa de cocina de la Gastro-Taberna La Berenjena (Madrid)<\/td>\n<\/tr>\n<tr>\n<td class=\"imagen\"><img loading=\"lazy\" decoding=\"async\" class=\"aligncenter size-full wp-image-527\" src=\"https:\/\/adictosaljetlag.com\/wp-content\/uploads\/2016\/02\/TeresaGuti\u00e9rrez-e1454777412559.jpg\" alt=\"Teresa Guti\u00e9rrez\" width=\"115\" height=\"132\" \/><\/td>\n<td><span class=\"tituloPelicula\">Teresa Guti\u00e9rrez<\/span><\/p>\n<p>3\u00aa Expulsada<\/td>\n<td>Propietaria y Jefa de cocina del restaurante Azafr\u00e1n (Albacete)<\/td>\n<\/tr>\n<tr>\n<td class=\"imagen\"><img loading=\"lazy\" decoding=\"async\" class=\"aligncenter size-full wp-image-525\" src=\"https:\/\/adictosaljetlag.com\/wp-content\/uploads\/2016\/02\/PabloGonz\u00e1lez-e1454777442781.jpg\" alt=\"Pablo Gonz\u00e1lez\" width=\"115\" height=\"132\" \/><\/td>\n<td><span class=\"tituloPelicula\">Pablo Gonz\u00e1lez<\/span><\/p>\n<p>2\u00ba Expulsado<\/td>\n<td>Chef de La Escondida (Sevilla)<\/td>\n<\/tr>\n<tr>\n<td class=\"imagen\"><img loading=\"lazy\" decoding=\"async\" class=\"aligncenter size-full wp-image-522\" src=\"https:\/\/adictosaljetlag.com\/wp-content\/uploads\/2016\/02\/Joaqu\u00ednEspejo-e1454777470218.jpg\" alt=\"Joaqu\u00edn Espejo\" width=\"115\" height=\"132\" \/><\/td>\n<td><span class=\"tituloPelicula\">Joaqu\u00edn Espejo<\/span><\/p>\n<p>1er Expulsado<\/td>\n<td>Propietario y Jefe de cocina del restaurante Moorea (Gran Canaria)<\/td>\n<\/tr>\n<\/tbody>\n<\/table>\n<p>&nbsp;<\/p>\n<p>Primera Edici\u00f3n (2013)<\/p>\n<table class=\"listado\">\n<tbody>\n<tr>\n<td class=\"imagen\"><img loading=\"lazy\" decoding=\"async\" class=\"aligncenter size-full wp-image-534\" src=\"https:\/\/adictosaljetlag.com\/wp-content\/uploads\/2016\/02\/Bego\u00f1aRodrigo-e1454778414581.jpg\" alt=\"Bego\u00f1a Rodrigo\" width=\"115\" height=\"132\" \/><\/td>\n<td><span class=\"tituloPelicula\">Bego\u00f1a Rodrigo<\/span><\/p>\n<p>Ganadora<\/td>\n<td>Copropietaria y Jefa de cocina de La salita (Valencia)<\/td>\n<\/tr>\n<tr>\n<td class=\"imagen\"><img loading=\"lazy\" decoding=\"async\" class=\"aligncenter size-full wp-image-531\" src=\"https:\/\/adictosaljetlag.com\/wp-content\/uploads\/2016\/02\/AntonioArrabal-e1454778440520.jpg\" alt=\"Antonio Arrabal\" width=\"115\" height=\"132\" \/><\/td>\n<td><span class=\"tituloPelicula\">Antonio Arrabal<\/span><\/p>\n<p>2\u00ba Finalista<\/td>\n<td>** Trabajando en la apertura de su nuevo restaurante La Jamada (Burgos)<\/td>\n<\/tr>\n<tr>\n<td class=\"imagen\"><img loading=\"lazy\" decoding=\"async\" class=\"aligncenter size-full wp-image-541\" src=\"https:\/\/adictosaljetlag.com\/wp-content\/uploads\/2016\/02\/MiguelCobo-e1454778357990.jpg\" alt=\"Miguel Cobo\" width=\"115\" height=\"132\" \/><\/td>\n<td><span class=\"tituloPelicula\">Miguel Cobo<\/span><\/p>\n<p>3er Finalista<\/td>\n<td>Propietario y Chef de Cobo Vintage (Burgos)<\/td>\n<\/tr>\n<tr>\n<td class=\"imagen\"><img loading=\"lazy\" decoding=\"async\" class=\"aligncenter size-full wp-image-540\" src=\"https:\/\/adictosaljetlag.com\/wp-content\/uploads\/2016\/02\/Jes\u00fasAlmagro-e1454778364993.jpg\" alt=\"Jes\u00fas Almagro\" width=\"115\" height=\"132\" \/><\/td>\n<td><span class=\"tituloPelicula\">Jes\u00fas Almagro<\/span><\/p>\n<p>9\u00ba Expulsado \/<br \/>\n4\u00ba Expulsado<\/td>\n<td>&#8212;<\/td>\n<\/tr>\n<tr>\n<td class=\"imagen\"><img loading=\"lazy\" decoding=\"async\" class=\"aligncenter size-full wp-image-539\" src=\"https:\/\/adictosaljetlag.com\/wp-content\/uploads\/2016\/02\/JavierEst\u00e9vez-e1454778373104.jpg\" alt=\"Javier Est\u00e9vez\" width=\"115\" height=\"132\" \/><\/td>\n<td><span class=\"tituloPelicula\">Javier Est\u00e9vez<\/span><\/p>\n<p>8\u00ba Expulsado<\/td>\n<td>Propietario y Chef de La Tasquer\u00eda (Madrid)<\/td>\n<\/tr>\n<tr>\n<td class=\"imagen\"><img loading=\"lazy\" decoding=\"async\" class=\"aligncenter size-full wp-image-533\" src=\"https:\/\/adictosaljetlag.com\/wp-content\/uploads\/2016\/02\/B\u00e1rbaraAmor\u00f3s-e1454778424856.jpg\" alt=\"B\u00e1rbara Amor\u00f3s\" width=\"115\" height=\"132\" \/><\/td>\n<td><span class=\"tituloPelicula\">B\u00e1rbara Amor\u00f3s<\/span><\/p>\n<p>7\u00aa Expulsada<\/td>\n<td>Propietaria\u00a0y Jefa de cocina de Catering bTc (B\u00e1rbara te cocina)<\/td>\n<\/tr>\n<tr>\n<td class=\"imagen\"><img loading=\"lazy\" decoding=\"async\" class=\"aligncenter size-full wp-image-532\" src=\"https:\/\/adictosaljetlag.com\/wp-content\/uploads\/2016\/02\/AntonioCanales-e1454778432721.jpg\" alt=\"Antonio Canales\" width=\"115\" height=\"132\" \/><\/td>\n<td><span class=\"tituloPelicula\">Antonio Canales<\/span><\/p>\n<p>6\u00ba Expulsado<\/td>\n<td>&#8212;<\/td>\n<\/tr>\n<tr>\n<td class=\"imagen\"><img loading=\"lazy\" decoding=\"async\" class=\"aligncenter size-full wp-image-536\" src=\"https:\/\/adictosaljetlag.com\/wp-content\/uploads\/2016\/02\/ElisabethJulianne-e1454778397888.jpg\" alt=\"Elisabeth Julianne\" width=\"115\" height=\"132\" \/><\/td>\n<td><span class=\"tituloPelicula\">Elisabeth Julianne<\/span><\/p>\n<p>5\u00aa Expulsada<\/td>\n<td>&#8212;<\/td>\n<\/tr>\n<tr>\n<td class=\"imagen\"><img loading=\"lazy\" decoding=\"async\" class=\"aligncenter size-full wp-image-535\" src=\"https:\/\/adictosaljetlag.com\/wp-content\/uploads\/2016\/02\/BorjaLetamendia-e1454778406770.jpg\" alt=\"Borja Letamendia\" width=\"115\" height=\"132\" \/><\/td>\n<td><span class=\"tituloPelicula\">Borja Letamendia<\/span><\/p>\n<p>3er Expulsado<\/td>\n<td>Propietario de Borja Letamendia Catering y Jefe de Cocina de Pasta Mito (Madrid)<\/td>\n<\/tr>\n<tr>\n<td class=\"imagen\"><img loading=\"lazy\" decoding=\"async\" class=\"aligncenter size-full wp-image-537\" src=\"https:\/\/adictosaljetlag.com\/wp-content\/uploads\/2016\/02\/HungFai-e1454778390540.jpg\" alt=\"Hung Fai\" width=\"115\" height=\"132\" \/><\/td>\n<td><span class=\"tituloPelicula\">Hung Fai<\/span><\/p>\n<p>2\u00ba Expulsado<\/td>\n<td>&#8212;<\/td>\n<\/tr>\n<tr>\n<td class=\"imagen\"><img loading=\"lazy\" decoding=\"async\" class=\"aligncenter size-full wp-image-538\" src=\"https:\/\/adictosaljetlag.com\/wp-content\/uploads\/2016\/02\/Iv\u00e1nHern\u00e1ndez-e1454778381571.jpg\" alt=\"Iv\u00e1n Hern\u00e1ndez\" width=\"115\" height=\"132\" \/><\/td>\n<td><span class=\"tituloPelicula\">Iv\u00e1n Hern\u00e1ndez<\/span><\/p>\n<p>1er Expulsado<\/td>\n<td>Propietario y Jefe de Cocina del restaurante Toixos (\u00c1vila)<\/td>\n<\/tr>\n<\/tbody>\n<\/table>\n<p>&nbsp;<\/p>\n","protected":false},"excerpt":{"rendered":"<p>Aqu\u00ed os dejamos un mapa con los restaurantes de los concursantes de las tres ediciones de Top Chef Espa\u00f1a. 3\u00aa Edici\u00f3n (2015)2\u00aa Edici\u00f3n (2014)\u00a01\u00aa Edici\u00f3n (2013) &nbsp;<\/p>\n","protected":false},"author":1,"featured_media":0,"comment_status":"open","ping_status":"open","sticky":false,"template":"","format":"standard","meta":{"_acf_changed":false,"advgb_blocks_editor_width":"","advgb_blocks_columns_visual_guide":"","footnotes":""},"categories":[21],"tags":[28,45,46],"lugar":[],"acf":[],"author_meta":{"display_name":"adictos","author_link":"https:\/\/www.adictosaljetlag.es\/index.php\/author\/adictos\/"},"featured_img":null,"coauthors":[],"tax_additional":{"categories":{"linked":["<a href=\"https:\/\/www.adictosaljetlag.es\/index.php\/category\/gastronomia\/\" class=\"advgb-post-tax-term\">Gastronom\u00eda<\/a>"],"unlinked":["<span class=\"advgb-post-tax-term\">Gastronom\u00eda<\/span>"]},"tags":{"linked":["<a href=\"https:\/\/www.adictosaljetlag.es\/index.php\/category\/gastronomia\/\" class=\"advgb-post-tax-term\">Restaurantes<\/a>","<a href=\"https:\/\/www.adictosaljetlag.es\/index.php\/category\/gastronomia\/\" class=\"advgb-post-tax-term\">Top Chef<\/a>","<a href=\"https:\/\/www.adictosaljetlag.es\/index.php\/category\/gastronomia\/\" class=\"advgb-post-tax-term\">Mapa<\/a>"],"unlinked":["<span class=\"advgb-post-tax-term\">Restaurantes<\/span>","<span class=\"advgb-post-tax-term\">Top Chef<\/span>","<span class=\"advgb-post-tax-term\">Mapa<\/span>"]}},"comment_count":"0","relative_dates":{"created":"Publicado 10 a\u00f1os hace","modified":"Actualizado 10 a\u00f1os hace"},"absolute_dates":{"created":"Publicado el 6 febrero, 2016","modified":"Actualizado el 6 febrero, 2016"},"absolute_dates_time":{"created":"Publicado el 6 febrero, 2016 7:17 pm","modified":"Actualizado el 6 febrero, 2016 8:35 pm"},"featured_img_caption":"","series_order":"","rttpg_featured_image_url":null,"rttpg_author":{"display_name":"adictos","author_link":"https:\/\/www.adictosaljetlag.es\/index.php\/author\/adictos\/"},"rttpg_comment":17,"rttpg_category":"<a href=\"https:\/\/www.adictosaljetlag.es\/index.php\/category\/gastronomia\/\" rel=\"category tag\">Gastronom\u00eda<\/a>","rttpg_excerpt":"Aqu\u00ed os dejamos un mapa con los restaurantes de los concursantes de las tres ediciones de Top Chef Espa\u00f1a. 3\u00aa Edici\u00f3n (2015)2\u00aa Edici\u00f3n (2014)\u00a01\u00aa Edici\u00f3n (2013) &nbsp;","_links":{"self":[{"href":"https:\/\/www.adictosaljetlag.es\/index.php\/wp-json\/wp\/v2\/posts\/473"}],"collection":[{"href":"https:\/\/www.adictosaljetlag.es\/index.php\/wp-json\/wp\/v2\/posts"}],"about":[{"href":"https:\/\/www.adictosaljetlag.es\/index.php\/wp-json\/wp\/v2\/types\/post"}],"author":[{"embeddable":true,"href":"https:\/\/www.adictosaljetlag.es\/index.php\/wp-json\/wp\/v2\/users\/1"}],"replies":[{"embeddable":true,"href":"https:\/\/www.adictosaljetlag.es\/index.php\/wp-json\/wp\/v2\/comments?post=473"}],"version-history":[{"count":43,"href":"https:\/\/www.adictosaljetlag.es\/index.php\/wp-json\/wp\/v2\/posts\/473\/revisions"}],"predecessor-version":[{"id":562,"href":"https:\/\/www.adictosaljetlag.es\/index.php\/wp-json\/wp\/v2\/posts\/473\/revisions\/562"}],"wp:attachment":[{"href":"https:\/\/www.adictosaljetlag.es\/index.php\/wp-json\/wp\/v2\/media?parent=473"}],"wp:term":[{"taxonomy":"category","embeddable":true,"href":"https:\/\/www.adictosaljetlag.es\/index.php\/wp-json\/wp\/v2\/categories?post=473"},{"taxonomy":"post_tag","embeddable":true,"href":"https:\/\/www.adictosaljetlag.es\/index.php\/wp-json\/wp\/v2\/tags?post=473"},{"taxonomy":"lugar","embeddable":true,"href":"https:\/\/www.adictosaljetlag.es\/index.php\/wp-json\/wp\/v2\/lugar?post=473"}],"curies":[{"name":"wp","href":"https:\/\/api.w.org\/{rel}","templated":true}]}}