{"id":2960,"date":"2019-12-08T11:26:33","date_gmt":"2019-12-08T10:26:33","guid":{"rendered":"https:\/\/www.adictosaljetlag.com\/?p=2960"},"modified":"2020-02-10T21:43:23","modified_gmt":"2020-02-10T20:43:23","slug":"nuestras-peliculas-favoritas-de-2019","status":"publish","type":"post","link":"https:\/\/www.adictosaljetlag.es\/index.php\/2019\/12\/08\/nuestras-peliculas-favoritas-de-2019\/","title":{"rendered":"Nuestras pel\u00edculas favoritas de 2019"},"content":{"rendered":"\n<p>Si ya nos ha resultado complicado este a\u00f1o elegir nuestras <strong>10 pel\u00edculas favoritas<\/strong> entre el m\u00e1s del centenar que habremos visto, el ejercicio posterior de tratar de ordenarlas nos ha sido literalmente imposible. Por ello hemos decidido acudir al portal <a aria-label=\" (opens in a new tab)\" rel=\"noopener\" href=\"http:\/\/www.filmaffinity.com\" target=\"_blank\">filmaffinity<\/a> para &#8220;delegarle esa tarea&#8221; en base al <strong>voto medio<\/strong> de sus usuarios.<\/p>\n\n\n\n<p>Ya que est\u00e1bamos, nos parec\u00eda interesante reflejar ese voto medio en un diagrama que recogiese tambi\u00e9n el <strong>n\u00famero de votos<\/strong>, ya no solo de las pel\u00edculas que est\u00e1n en ese top 10 (<span style=\"color: #6fad47; font-weight: bold;\">marcadas en color verde<\/span>) sino tambi\u00e9n de las que se han quedado cerca de estarlo (<span style=\"color: #5a9bd5; font-weight: bold;\">marcadas en color azul<\/span>), e incluso de las que m\u00e1s nos han decepcionado a pesar de su hype y de figurar en muchos rankings del a\u00f1o (<span style=\"color: red; font-weight: bold;\">marcadas en color rojo<\/span>).<\/p>\n\n\n\n<p>Puntualizar que hemos contemplado tanto <strong>pel\u00edculas estrenadas en Espa\u00f1a en salas comerciales o en plataformas digitales durante 2019<\/strong>, como <strong>pel\u00edculas vistas en festivales celebrados durante 2019<\/strong> (sin estreno comercial en Espa\u00f1a ese mismo a\u00f1o). Esto hace que pel\u00edculas como &#8216;1917&#8217; y &#8216;Jojo Rabbit&#8217; hayan quedado fuera de la valoraci\u00f3n y sean candidatas a nuestro top de 2020.<\/p>\n\n\n\n<div class=\"wp-block-image\"><figure class=\"aligncenter\"><img loading=\"lazy\" decoding=\"async\" width=\"1375\" height=\"1383\" src=\"https:\/\/www.adictosaljetlag.com\/wp-content\/uploads\/2020\/01\/top2019_v5.png\" alt=\"\" class=\"wp-image-3067\"\/><\/figure><\/div>\n\n\n\n<p>Algunos datos curiosos a la vista de los resultados: <\/p>\n\n\n\n<ul><li>La <strong>mitad<\/strong> de nuestras pel\u00edculas favoritas <strong>son espa\u00f1olas<\/strong>&#8230;<\/li><li>&#8230; y 3 de ellas las protagoniza <strong>Luis Tosar&nbsp;<\/strong>(<em>&#8220;Intemperie&#8221;, &#8220;Quien a hierro mata&#8221;<\/em> y <em>&#8220;Ventajas de viajar en tren&#8221;<\/em>).<\/li><li>El <strong>80%<\/strong> de nuestras pel\u00edculas favoritas las hemos visto por primera vez en un <strong>festival de cine<\/strong>&#8230;<\/li><li>&#8230; 5 de ellas en el <strong>Festival de Sitges<\/strong> (de las cuales 3 repetimos en la <strong>Semana de Terror de San Sebasti\u00e1n<\/strong>), entre ellas la gran triunfadora del festival catal\u00e1n <em>&#8220;El Hoyo&#8221; <\/em>(aunando a jurado, p\u00fablico y cr\u00edtica)<\/li><li>&#8230; 2 de ellas en el <strong>Festival de San Sebasti\u00e1n <\/strong>(una en Secci\u00f3n Oficial, <em>&#8220;Mientras dure la guerra&#8221;<\/em>, que por cierto se fue de vac\u00edo en el palmar\u00e9s y en los premios paralelos, y la otra en la Secci\u00f3n Perlas, <em>&#8220;Parasite&#8221;<\/em>, que ven\u00eda de recoger la Palma de Oro en Cannes)<\/li><li>&#8230; 1 de ellas en la <strong>Seminci de Valladolid<\/strong>, <em>&#8220;Intemperie&#8221;<\/em> (que por cierto inauguraba la semana fuera de competici\u00f3n).<\/li><li>Solo 1 de nuestras pel\u00edculas favoritas la hemos visto por primera vez en <strong>sala comercial<\/strong>, <em>&#8220;Quien a hierro mata&#8221;<\/em>.<\/li><li>Solo 1 de nuestras pel\u00edculas favoritas la hemos visto por primera vez en <strong>plataforma digital<\/strong>, <em>&#8220;Los dos papas&#8221;<\/em>.<\/li><\/ul>\n\n\n\n<p>A la vista de la mayoritaria presencia en nuestro top de pel\u00edculas que han participado en festivales de cine, incorporamos en este post un <strong>resumen del palmar\u00e9s de los principales festivales del a\u00f1o<\/strong> (nos permitimos colar alg\u00fan espa\u00f1ol de m\u00e1s entre ellos), utilizando el mismo c\u00f3digo de colores que en el diagrama anterior para aquellas que ya hemos visto, y dejando en gris aquellas que nos dejamos pendientes para 2020.<\/p>\n\n\n\n<table class=\"wp-block-advgb-table advgb-table-frontend is-style-default\"><tbody><tr><td>Festival &#8211; Premio<\/td><td>Pel\u00edcula<\/td><\/tr><tr><td><strong>Sundance [24\/01-3\/02] <\/strong><\/td><td><\/td><\/tr><tr><td style=\"text-align:right\">Gran Premio del Jurado (USA Ficci\u00f3n)<\/td><td>&#8216;Clemency&#8217; (Chinonye Chukwu, 2019) <\/td><\/tr><tr><td style=\"text-align:right\">Premio del P\u00fablico (USA Ficci\u00f3n)<\/td><td>&#8216;Brittany Runs a Marathon&#8217; (Paul Downs Colaizzo, 2019) <\/td><\/tr><tr><td style=\"text-align:right\">Premio del Jurado (Internacional Ficci\u00f3n)<\/td><td>&#8216;The Souvenir&#8217; (Joanna Hogg, 2019, UK)<\/td><\/tr><tr><td style=\"text-align:right\">Premio del P\u00fablico (Internacional Ficci\u00f3n)<\/td><td>&#8216;Queen of Hearts&#8217; (May el-Toukhy, 2019, Dinamarca) <\/td><\/tr><tr><td><strong>Berl\u00edn [7\/02-17\/02]<\/strong><\/td><td><\/td><\/tr><tr><td style=\"text-align:right\">Oso de Oro <\/td><td>&#8216;Synonymes&#8217; (Nadav Lapid, 2019, Francia)<\/td><\/tr><tr><td style=\"text-align:right\">Oso de Plata &#8211; Gran Premio del Jurado<\/td><td>&#8216;Gracias a Dios&#8217; (Fran\u00e7ois Ozon, 2018, Francia)<\/td><\/tr><tr><td><strong>Malaga [15\/03-24\/03]<\/strong><\/td><td><\/td><\/tr><tr><td style=\"text-align:right\">Biznaga de Oro<\/td><td>&#8216;Los d\u00edas que vendr\u00e1n&#8217; (Carlos Marques-Marcet, 2019, Espa\u00f1a)<\/td><\/tr><tr><td style=\"text-align:right\">Biznaga de Plata &#8211; Premio Especial del Jurado<\/td><td>&#8216;Esto no es Berl\u00edn&#8217; (Hari Sama, 2019, M\u00e9xico)<\/td><\/tr><tr><td><strong>Cannes [14\/05-25\/05]<\/strong><\/td><td><\/td><\/tr><tr><td style=\"text-align:right\">Palma de Oro<\/td><td style=\"color:#6fad47\"><strong>&#8216;Parasite&#8217; (Bong Joon-ho, 2019, Corea del Sur)<\/strong><\/td><\/tr><tr><td style=\"text-align:right\">Gran Premio del Jurado<\/td><td>&#8216;Atlantique&#8217; (Mati Diop, 2019, Senegal)<\/td><\/tr><tr><td style=\"text-align:right\">Premio del Jurado<\/td><td><span style=\"color: #ff0000; font-weight: bold;\">&#8216;Bacurau&#8217; (Kleber Mendon\u00e7a Filho y Juliano Dornelles, 2019, Brasil)<\/span><br>&#8216;Les Miserables&#8217; (Ladj Ly, 2019, Francia) <\/td><\/tr><tr><td><strong>Venecia [28\/08-7\/09]<\/strong><\/td><td><\/td><\/tr><tr><td style=\"text-align:right\">Le\u00f3n de Oro<\/td><td style=\"color:#5a9bd5\"><strong>&#8216;Joker&#8217; (Todd Phillips, 2019, EEUU)<\/strong><\/td><\/tr><tr><td style=\"text-align:right\">Leon de Plata &#8211; Gran Premio del Jurado<\/td><td>&#8216;El oficial y el esp\u00eda&#8217; (Roman Polanski, 2019, Francia)<\/td><\/tr><tr><td><strong>Toronto [5\/09-15\/09]<\/strong><\/td><td><\/td><\/tr><tr><td style=\"text-align:right\">Premio del P\u00fablico<\/td><td>&#8216;Jojo Rabbit&#8217; (Taika Waititi, 2019, EEUU)<\/td><\/tr><tr><td style=\"text-align:right\">Premio del P\u00fablico &#8211; Primer finalista <\/td><td style=\"color:#ff0000\"><strong>&#8216;Historia de un matrimonio&#8217; (Noah Baumbach, 2019, EEUU)<\/strong><\/td><\/tr><tr><td style=\"text-align:right\">Premio del P\u00fablico &#8211; Segundo finalista <\/td><td style=\"color:#6fad47\"><strong>&#8216;Parasite&#8217; (Bong Joon-ho, 2019, Corea del Sur)<\/strong><\/td><\/tr><tr><td style=\"text-align:right\">Premio del P\u00fablico&nbsp;-Midnight Madness <\/td><td style=\"color:#6fad47\"><strong>&#8216;El hoyo&#8217; (Galder Gaztelu-Urrutia, 2019, Espa\u00f1a)<\/strong><\/td><\/tr><tr><td><strong>San Sebasti\u00e1n [20\/09-28\/09]<\/strong><\/td><td><\/td><\/tr><tr><td style=\"text-align:right\">Concha de Oro<\/td><td style=\"color:#ff0000\"><strong>&#8216;Pacified&#8217; (Paxton Winters, 2019, Brasil)<\/strong><\/td><\/tr><tr><td style=\"text-align:right\">Premio del P\u00fablico &#8211; Secci\u00f3n Perlas<\/td><td style=\"color:#ff0000\"><strong>&#8216;Especiales&#8217; (Olivier Nakache y \u00c9ric Toledano, 2019, Francia)<\/strong><\/td><\/tr><tr><td><strong>Sitges [03\/10-13\/10]<\/strong><\/td><td><\/td><\/tr><tr><td style=\"text-align:right\">Mejor Pel\u00edcula<\/td><td style=\"color:#6fad47\"><strong>&#8216;El hoyo&#8217; (Galder Gaztelu-Urrutia, 2019, Espa\u00f1a)<\/strong><\/td><\/tr><tr><td style=\"text-align:right\">Gran Premio del P\u00fablico<\/td><td style=\"color:#6fad47\"><strong>&#8216;El hoyo&#8217; (Galder Gaztelu-Urrutia, 2019, Espa\u00f1a)\ufeff<\/strong><\/td><\/tr><tr><td style=\"text-align:left\"><strong>Seminci [19\/10-26\/10]<\/strong><\/td><td style=\"color:#6fad47\"><\/td><\/tr><tr><td style=\"text-align:right\">Espiga de Oro<\/td><td style=\"color:#ff0000\"><strong>&#8216;El huevo del dinosaurio (\u00d6nd\u00f6g)&#8217; (Wang Quan&#8217;an, 2019, Mongolia)<\/strong><\/td><\/tr><tr><td style=\"text-align:left\"><strong>Semana de Terror de San Sebasti\u00e1n [26\/10-1\/11]<\/strong><\/td><td style=\"color:#ff0000\"><\/td><\/tr><tr><td style=\"text-align:right\">Premio del P\u00fablico<\/td><td style=\"color:#ff0000\"><strong>&#8216;Extra Ordinary&#8217; (Mike Ahern y Enda Loughman, 2019, Irlanda-B\u00e9lgica)<\/strong><\/td><\/tr><\/tbody><\/table>\n\n\n\n<p>ANEXO (actualizado a fecha 10\/02\/2020): Por completar la foto del a\u00f1o, y festivales aparte, incorporamos en este post el <strong>palmar\u00e9s de los principales Premios<\/strong> nacionales e internacionales (otorgados durante primeros de 2020) a la producci\u00f3n de 2019:<\/p>\n\n\n\n<table class=\"wp-block-advgb-table advgb-table-frontend is-style-default\"><tbody><tr><td>Premio (Pa\u00eds, Jurado, Fecha)<\/td><td>Pel\u00edcula<\/td><\/tr><tr><td><strong>Globos de Oro (EEUU, Prensa, 05\/01\/2020)<\/strong><\/td><td>&nbsp;<\/td><\/tr><tr><td style=\"text-align:right\"><em>Mejor Pel\u00edcula \u2013 Drama<\/em><\/td><td>\u20181917\u2019 (Sam Mendes, 2019, UK)<\/td><\/tr><tr><td style=\"text-align:right\"><em>Mejor Pel\u00edcula \u2013 Comedia o Musical<\/em><\/td><td style=\"color:#5a9bd5\"><strong>\u2018\u00c9rase una vez en&#8230; Hollywood\u2019 (Quentin Tarantino, 2019, EEUU)<\/strong><\/td><\/tr><tr><td style=\"text-align:right\"><em>Mejor Pel\u00edcula \u2013 Habla no inglesa<\/em><\/td><td style=\"color:#6fad47\"><strong>\u2018Parasite\u2019 (Bong Joon-ho, 2019, Corea del Sur)<\/strong><\/td><\/tr><tr><td><strong>Forqu\u00e9 (Espa\u00f1a, Productores, 11\/01\/2020)<\/strong><\/td><td><\/td><\/tr><tr><td style=\"text-align:right\"><em>Mejor Pel\u00edcula<\/em><\/td><td style=\"color:#5a9bd5\"><strong>&#8216;La trinchera infinita&#8217; (J.Gara\u00f1o, A.Arregi y J.Goenaga, 2019, Espa\u00f1a)<\/strong><\/td><\/tr><tr><td style=\"text-align:right\"><em>Mejor Pel\u00edcula&nbsp;&#8211;&nbsp;Latinoamericana<\/em><\/td><td style=\"color:#5a9bd5\"><strong>&#8216;La odisea de los giles&#8217; (Sebasti\u00e1n Borensztein, 2019, Argentina)<\/strong><\/td><\/tr><tr><td><strong>Critics&#8217; Choice Awards (EEUU, Prensa, 12\/01\/2020)<\/strong><\/td><td><\/td><\/tr><tr><td style=\"text-align:right\"><em>Mejor Pel\u00edcula<\/em><\/td><td style=\"color:#5a9bd5\">\ufeff<strong>\u2018\u00c9rase una vez en&#8230; Hollywood\u2019 (Quentin Tarantino, 2019, EEUU)<\/strong><\/td><\/tr><tr><td><strong>Feroz (Espa\u00f1a, Prensa, 16\/01\/2020)<\/strong><\/td><td>&nbsp;<\/td><\/tr><tr><td style=\"text-align:right\"><em>Mejor Pel\u00edcula \u2013 Drama<\/em><\/td><td style=\"color:#ff0000\"><strong>&#8216;Dolor y gloria&#8217; (Pedro Almod\u00f3var, 2019, Espa\u00f1a)<\/strong><\/td><\/tr><tr><td style=\"text-align:right\"><em>Mejor Pel\u00edcula \u2013 Comedia<\/em><\/td><td style=\"color:#6fad47\"><strong>&#8216;Ventajas de viajar en tren&#8217; (Aritz Moreno, 2019, Espa\u00f1a)<\/strong><\/td><\/tr><tr><td><strong>PGA Awards (EEUU, Productores, 18\/01\/2020)<\/strong><\/td><td><\/td><\/tr><tr><td style=\"text-align:right\"><em>Mejor Pel\u00edcula<\/em><\/td><td>\u20181917\u2019 (Sam Mendes, 2019, UK)<\/td><\/tr><tr><td><strong>Goya (Espa\u00f1a, Academia, 25\/01\/2020)<\/strong><\/td><td>&nbsp;<\/td><\/tr><tr><td style=\"text-align:right\"><em>Mejor Pel\u00edcula<\/em><\/td><td style=\"color:#ff0000\">&nbsp;<strong>&#8216;Dolor y gloria&#8217; (Pedro Almod\u00f3var, 2019, Espa\u00f1a)<\/strong><\/td><\/tr><tr><td style=\"text-align:right\"><em>Mejor Pel\u00edcula \u2013 Iberoamericana<\/em><\/td><td style=\"color:#5a9bd5\">&nbsp;<strong>&#8216;La odisea de los giles&#8217; (Sebasti\u00e1n Borensztein, 2019, Argentina)<\/strong><\/td><\/tr><tr><td style=\"text-align:right\"><em>Mejor Pel\u00edcula \u2013 Europea<\/em><\/td><td>&nbsp;&#8216;Les Miserables&#8217; (Ladj Ly, 2019, Francia) <\/td><\/tr><tr><td><strong>BAFTA (UK, Academia, 02\/02\/2020)<\/strong><\/td><td><\/td><\/tr><tr><td style=\"text-align:right\"><em>Mejor Pel\u00edcula<\/em><\/td><td>\u20181917\u2019 (Sam Mendes, 2019, UK)<\/td><\/tr><tr><td style=\"text-align:right\"><em>Mejor Pel\u00edcula<\/em> <em>&#8211; Brit\u00e1nica<\/em><\/td><td>\u20181917\u2019 (Sam Mendes, 2019, UK)<\/td><\/tr><tr><td style=\"text-align:right\"><em>Mejor Pel\u00edcula \u2013 Habla no inglesa<\/em><\/td><td style=\"color:#6fad47\"><strong>\u2018Parasite\u2019 (Bong Joon-ho, 2019, Corea del Sur)<\/strong> <\/td><\/tr><tr><td><strong>\u00d3scar (EEUU, Academia, 09\/02\/2020)<\/strong><\/td><td>&nbsp;<\/td><\/tr><tr><td style=\"text-align:right\"><em>Mejor Pel\u00edcula<\/em><\/td><td style=\"color:#6fad47\"><strong>\u2018Parasite\u2019 (Bong Joon-ho, 2019, Corea del Sur)<\/strong>  <\/td><\/tr><tr><td style=\"text-align:right\"><em>Mejor Pel\u00edcula \u2013 Habla no inglesa<\/em><\/td><td style=\"color:#6fad47\"><strong>\u2018Parasite\u2019 (Bong Joon-ho, 2019, Corea del Sur)<\/strong>  <\/td><\/tr><\/tbody><\/table>\n","protected":false},"excerpt":{"rendered":"<p>Si ya nos ha resultado complicado este a\u00f1o elegir nuestras 10 pel\u00edculas favoritas entre el m\u00e1s del centenar que habremos visto, el ejercicio posterior de tratar de ordenarlas nos ha sido literalmente imposible. Por ello hemos decidido acudir al portal filmaffinity para &#8220;delegarle esa tarea&#8221; en base al voto medio de sus usuarios. Ya que [&hellip;]<\/p>\n","protected":false},"author":1,"featured_media":3062,"comment_status":"open","ping_status":"open","sticky":false,"template":"","format":"standard","meta":{"_acf_changed":false,"advgb_blocks_editor_width":"","advgb_blocks_columns_visual_guide":"","footnotes":""},"categories":[2],"tags":[38,261,262],"lugar":[],"acf":[],"author_meta":{"display_name":"adictos","author_link":"https:\/\/www.adictosaljetlag.es\/index.php\/author\/adictos\/"},"featured_img":"https:\/\/www.adictosaljetlag.com\/wp-content\/uploads\/2019\/12\/cabeceraTop2019_v2-400x160.jpg","coauthors":[],"tax_additional":{"categories":{"linked":["<a href=\"https:\/\/www.adictosaljetlag.es\/index.php\/category\/cine\/\" class=\"advgb-post-tax-term\">Cine<\/a>"],"unlinked":["<span class=\"advgb-post-tax-term\">Cine<\/span>"]},"tags":{"linked":["<a href=\"https:\/\/www.adictosaljetlag.es\/index.php\/category\/cine\/\" class=\"advgb-post-tax-term\">Ranking Pel\u00edculas<\/a>","<a href=\"https:\/\/www.adictosaljetlag.es\/index.php\/category\/cine\/\" class=\"advgb-post-tax-term\">Top Pel\u00edculas<\/a>","<a href=\"https:\/\/www.adictosaljetlag.es\/index.php\/category\/cine\/\" class=\"advgb-post-tax-term\">2019<\/a>"],"unlinked":["<span class=\"advgb-post-tax-term\">Ranking Pel\u00edculas<\/span>","<span class=\"advgb-post-tax-term\">Top Pel\u00edculas<\/span>","<span class=\"advgb-post-tax-term\">2019<\/span>"]}},"comment_count":"0","relative_dates":{"created":"Publicado 6 a\u00f1os hace","modified":"Actualizado 6 a\u00f1os hace"},"absolute_dates":{"created":"Publicado el 8 diciembre, 2019","modified":"Actualizado el 10 febrero, 2020"},"absolute_dates_time":{"created":"Publicado el 8 diciembre, 2019 11:26 am","modified":"Actualizado el 10 febrero, 2020 9:43 pm"},"featured_img_caption":"","series_order":"","rttpg_featured_image_url":{"full":["https:\/\/www.adictosaljetlag.com\/wp-content\/uploads\/2019\/12\/cabeceraTop2019_v2.jpg",2000,800,false],"landscape":["https:\/\/www.adictosaljetlag.com\/wp-content\/uploads\/2019\/12\/cabeceraTop2019_v2.jpg",2000,800,false],"portraits":["https:\/\/www.adictosaljetlag.com\/wp-content\/uploads\/2019\/12\/cabeceraTop2019_v2.jpg",2000,800,false],"thumbnail":["https:\/\/www.adictosaljetlag.com\/wp-content\/uploads\/2019\/12\/cabeceraTop2019_v2-150x150.jpg",150,150,true],"medium":["https:\/\/www.adictosaljetlag.com\/wp-content\/uploads\/2019\/12\/cabeceraTop2019_v2-400x160.jpg",400,160,true],"large":["https:\/\/www.adictosaljetlag.com\/wp-content\/uploads\/2019\/12\/cabeceraTop2019_v2-800x320.jpg",676,270,true],"1536x1536":["https:\/\/www.adictosaljetlag.com\/wp-content\/uploads\/2019\/12\/cabeceraTop2019_v2.jpg",1536,614,false],"2048x2048":["https:\/\/www.adictosaljetlag.com\/wp-content\/uploads\/2019\/12\/cabeceraTop2019_v2.jpg",2000,800,false],"gg_gallery_thumbnail":["https:\/\/www.adictosaljetlag.com\/wp-content\/uploads\/2019\/12\/cabeceraTop2019_v2-450x250.jpg",450,250,true],"extra-small":["https:\/\/www.adictosaljetlag.com\/wp-content\/uploads\/2019\/12\/cabeceraTop2019_v2-188x75.jpg",188,75,true],"post-image-small":["https:\/\/www.adictosaljetlag.com\/wp-content\/uploads\/2019\/12\/cabeceraTop2019_v2-400x160.jpg",400,160,true],"post-image":["https:\/\/www.adictosaljetlag.com\/wp-content\/uploads\/2019\/12\/cabeceraTop2019_v2-676x270.jpg",676,270,true],"wpsso-schema-1x1":["https:\/\/www.adictosaljetlag.com\/wp-content\/uploads\/2019\/12\/cabeceraTop2019_v2.jpg",2000,800,false],"wpsso-schema-4x3":["https:\/\/www.adictosaljetlag.com\/wp-content\/uploads\/2019\/12\/cabeceraTop2019_v2.jpg",2000,800,false],"wpsso-schema-16x9":["https:\/\/www.adictosaljetlag.com\/wp-content\/uploads\/2019\/12\/cabeceraTop2019_v2-1200x675.jpg",1200,675,true],"wpsso-thumbnail":["https:\/\/www.adictosaljetlag.com\/wp-content\/uploads\/2019\/12\/cabeceraTop2019_v2-1200x628.jpg",1200,628,true],"wpsso-opengraph":["https:\/\/www.adictosaljetlag.com\/wp-content\/uploads\/2019\/12\/cabeceraTop2019_v2-1200x628.jpg",1200,628,true],"wpsso-tc-summary":["https:\/\/www.adictosaljetlag.com\/wp-content\/uploads\/2019\/12\/cabeceraTop2019_v2-600x600-cropped.jpg",600,600,true],"wpsso-tc-lrgimg":["https:\/\/www.adictosaljetlag.com\/wp-content\/uploads\/2019\/12\/cabeceraTop2019_v2-1200x628.jpg",1200,628,true]},"rttpg_author":{"display_name":"adictos","author_link":"https:\/\/www.adictosaljetlag.es\/index.php\/author\/adictos\/"},"rttpg_comment":405,"rttpg_category":"<a href=\"https:\/\/www.adictosaljetlag.es\/index.php\/category\/cine\/\" rel=\"category tag\">Cine<\/a>","rttpg_excerpt":"Si ya nos ha resultado complicado este a\u00f1o elegir nuestras 10 pel\u00edculas favoritas entre el m\u00e1s del centenar que habremos visto, el ejercicio posterior de tratar de ordenarlas nos ha sido literalmente imposible. Por ello hemos decidido acudir al portal filmaffinity para &#8220;delegarle esa tarea&#8221; en base al voto medio de sus usuarios. Ya que&hellip;","_links":{"self":[{"href":"https:\/\/www.adictosaljetlag.es\/index.php\/wp-json\/wp\/v2\/posts\/2960"}],"collection":[{"href":"https:\/\/www.adictosaljetlag.es\/index.php\/wp-json\/wp\/v2\/posts"}],"about":[{"href":"https:\/\/www.adictosaljetlag.es\/index.php\/wp-json\/wp\/v2\/types\/post"}],"author":[{"embeddable":true,"href":"https:\/\/www.adictosaljetlag.es\/index.php\/wp-json\/wp\/v2\/users\/1"}],"replies":[{"embeddable":true,"href":"https:\/\/www.adictosaljetlag.es\/index.php\/wp-json\/wp\/v2\/comments?post=2960"}],"version-history":[{"count":54,"href":"https:\/\/www.adictosaljetlag.es\/index.php\/wp-json\/wp\/v2\/posts\/2960\/revisions"}],"predecessor-version":[{"id":3157,"href":"https:\/\/www.adictosaljetlag.es\/index.php\/wp-json\/wp\/v2\/posts\/2960\/revisions\/3157"}],"wp:featuredmedia":[{"embeddable":true,"href":"https:\/\/www.adictosaljetlag.es\/index.php\/wp-json\/wp\/v2\/media\/3062"}],"wp:attachment":[{"href":"https:\/\/www.adictosaljetlag.es\/index.php\/wp-json\/wp\/v2\/media?parent=2960"}],"wp:term":[{"taxonomy":"category","embeddable":true,"href":"https:\/\/www.adictosaljetlag.es\/index.php\/wp-json\/wp\/v2\/categories?post=2960"},{"taxonomy":"post_tag","embeddable":true,"href":"https:\/\/www.adictosaljetlag.es\/index.php\/wp-json\/wp\/v2\/tags?post=2960"},{"taxonomy":"lugar","embeddable":true,"href":"https:\/\/www.adictosaljetlag.es\/index.php\/wp-json\/wp\/v2\/lugar?post=2960"}],"curies":[{"name":"wp","href":"https:\/\/api.w.org\/{rel}","templated":true}]}}